
{"id":7450,"date":"2016-08-20T13:33:00","date_gmt":"2016-08-20T11:33:00","guid":{"rendered":"https:\/\/supercykelstier.dk\/?post_type=pressemeddelelse&#038;p=7450"},"modified":"2022-02-24T13:43:42","modified_gmt":"2022-02-24T12:43:42","slug":"nu-kan-der-supercykles-mellem-ishoej-og-koebenhavn","status":"publish","type":"pressemeddelelse","link":"https:\/\/supercykelstier.dk\/english\/blog\/pressemeddelelse\/nu-kan-der-supercykles-mellem-ishoej-og-koebenhavn\/","title":{"rendered":"Nu kan der supercykles mellem Ish\u00f8j og K\u00f8benhavn"},"content":{"rendered":"<p class=\"has-medium-font-size\">Der er gode nyheder til de cykelglade, n\u00e5r 14 km ny Supercykelsti lanceres i slutningen af august. Ish\u00f8jruten er den tredje cykelpendlerrute i et planlagt net af 28 Supercykelstier, der skal skabe bedre forhold for cyklister. Lanceringen af ruten markerer et vigtigt skridt p\u00e5 vejen mod at g\u00f8re fremtidens transport gr\u00f8nnere og sundere. <\/p>\n\n\n\n<p>Den 28. august indvies Region Hovedstadens tredje Supercykelsti, Ish\u00f8jruten. Fem kommuner forbindes af den nye Supercykelsti, der l\u00f8ber gennem Ish\u00f8j, Vallensb\u00e6k, Br\u00f8ndby, Hvidovre og K\u00f8benhavn.<\/p>\n\n\n\n<h4 class=\"wp-block-heading\" id=\"bedre-fremkommelighed-og-oget-sikkerhed\">Bedre fremkommelighed og \u00f8get sikkerhed<\/h4>\n\n\n\n<p>Supercykelstier skal g\u00f8re det lettere og mere trygt at pendle p\u00e5 to hjul frem for fire \u2013 ogs\u00e5 p\u00e5 str\u00e6kninger over fem kilometer. Ish\u00f8jruten har blandt andet f\u00e5et ny bel\u00e6gning, fodhvilere, cykelbarometre samt forbedringer i udvalgte kryds og ved udvalgte busstop for at skabe \u00f8get sikkerhed mellem cyklister og buspassagerer. Derudover har ruten f\u00e5et tydelig skiltning og afm\u00e6rkning langs hele str\u00e6kningen og er dermed et konkurrencedygtigt alternativ til passiv transport. N\u00e6ste \u00e5r f\u00f8lger fire nye Supercykelstier, og det samlede net af cykelpendlerruter i h\u00f8j kvalitet tager form.<\/p>\n\n\n\n<p>Det gl\u00e6der formanden for milj\u00f8- og trafikudvalget i Region Hovedstaden, Jens Mandrup: <em>&#8220;Investeringer i bedre forhold for cyklister gavner b\u00e5de milj\u00f8et, tr\u00e6ngslen og pendlernes egen sundhed. Derfor er det vigtigt at g\u00f8re det let og sikkert at v\u00e6lge cyklen p\u00e5 tv\u00e6rs af kommunegr\u00e6nser, hvilket ogs\u00e5 har v\u00e6ret vores klare m\u00e5ls\u00e6tning for Ish\u00f8jruten. Nu gl\u00e6der vi os bare til, at ruten \u00e5bner, og folk kan benytte sig a<\/em>f <em>endnu en Supercykelsti&#8221;. <\/em><\/p>\n\n\n\n<h4 class=\"wp-block-heading\" id=\"din-cykel-forvandles-til-en-indgangsbillet-pa-arken\">Din cykel forvandles til en indgangsbillet p\u00e5 Arken<\/h4>\n\n\n\n<p>Indvielsen af Supercykelstien fejres fra slutningen af august og hele september med fem forskellige events i de fem kommuner langs ruten. Den 28. august starter den f\u00f8rste indvielsesfejring i Ish\u00f8j Kommune. Her er der gratis adgang til Arken for alle, der ankommer p\u00e5 cykel mellem kl. 11-13.<br>Foruden gratis adgang til Arken er der ogs\u00e5 en Kunstjagt for hele familien. Den kan alle deltage i, hvis man blot henter billetten og skattekortet hos Supercykelsti-standen p\u00e5 hj\u00f8rnet af Ish\u00f8j Strandvej og cykelstien til Arken.<\/p>\n\n\n\n<p>De andre indvielsesevents finder sted i Vallensb\u00e6k d. 1. september mellem kl. 15-17, i Hvidovre d. 15. september mellem kl. 15-17, i K\u00f8benhavn d. 17. september mellem kl. 11-13 og i Br\u00f8ndby d. 25. september fra kl. 15. Alle events er forskellige \u2013 nogle har borgmesterdyst p\u00e5 el-cykel, mens andre giver gratis adgang til sjove oplevelser. Mange virksomheder i kommunerne st\u00f8tter fejringen med deltagelse og samarbejder.<\/p>\n\n\n\n<p><strong><em>Mere information om pressekontakter mv. findes i nedenst\u00e5ende dokument<\/em>:<\/strong><\/p>\n\n\n<div class=\"wp-block-columns is-not-stacked-on-mobile has-shadow document\">\n\t<div class=\"wp-block-column thumbnail\" style=\"padding-top:1rem;padding-right:1rem;padding-bottom:1rem;padding-left:1rem;flex-basis:180px;justify-content:center;\">\n\t\t\t\t\t\t<img loading=\"lazy\" decoding=\"async\" width=\"345\" height=\"488\" src=\"https:\/\/supercykelstier.dk\/english\/wp-content\/uploads\/sites\/3\/2016\/05\/Nu-kan-der-supercykles-mellem-Ishoej-og-Koebenhavn-pdf.jpg\" class=\"attachment-thumbnail_uncropped size-thumbnail_uncropped\" alt=\"\" \/>\t\t\t\t\t<div class=\"wp-container-61dd85b2203a1 wp-block-buttons\" style=\"text-align:center; margin:auto;\">\n\t\t\t\t\t\t<div class=\"wp-block-button\">\n\t\t\t\t\t<a href=\"https:\/\/supercykelstier.dk\/english\/download_single_pdf?id=1537\" class=\"wp-block-button__link\">Download<\/a>\n\t\t\t<\/div>\n\t\t\t\t\t<\/div>\n\t<\/div>\n\t<div class=\"wp-block-column\" style=\"padding-top:1rem;padding-right:1rem;padding-bottom:1rem;padding-left:1rem\">\n\t\t\t\t<p class=\"has-accent-color has-text-color has-tiny-font-size\">\n\t\t\t<strong>Pressemeddelelse <\/strong>\n\t\t<\/p>\n\t\t\t\t\t\t<h4>\n\t\t\t\t\t\t<a href=\"https:\/\/supercykelstier.dk\/english\/wp-content\/uploads\/sites\/3\/2016\/05\/Nu-kan-der-supercykles-mellem-Ish\u00f8j-og-K\u00f8benhavn.pdf\" target=\"_blank\" rel=\"noopener\">\n\t\t\t\t<em>Nu kan der supercykles mellem Ish\u00f8j og K\u00f8benhavn<\/em>\n\t\t\t<\/a>\n\t\t\t\t\t<\/h4>\n\t\t\t\t<p>Der er gode nyheder til de cykelglade, n\u00e5r 14 km ny Supercykelsti lanceres i slutningen af august.<\/p>\n\t<\/div>\n<\/div>","protected":false},"excerpt":{"rendered":"<p>Der er gode nyheder til de cykelglade, n\u00e5r 14 km ny Supercykelsti lanceres i slutningen af august. Ish\u00f8jruten er den tredje cykelpendlerrute i et planlagt net af 28 Supercykelstier, der skal skabe bedre forhold for cyklister. Lanceringen af ruten markerer et vigtigt skridt p\u00e5 vejen mod at g\u00f8re fremtidens transport gr\u00f8nnere og sundere. Den 28. [&hellip;]<\/p>","protected":false},"featured_media":5369,"comment_status":"open","ping_status":"closed","template":"","meta":{"_acf_changed":false,"_relevanssi_hide_post":"","_relevanssi_hide_content":"","_relevanssi_pin_for_all":"","_relevanssi_pin_keywords":"","_relevanssi_unpin_keywords":"","_relevanssi_related_keywords":"","_relevanssi_related_include_ids":"","_relevanssi_related_exclude_ids":"","_relevanssi_related_no_append":"","_relevanssi_related_not_related":"","_relevanssi_related_posts":"","_relevanssi_noindex_reason":"","editor_notices":[],"footnotes":""},"categories":[204],"tags":[],"class_list":["post-7450","pressemeddelelse","type-pressemeddelelse","status-publish","has-post-thumbnail","hentry","category-press-release"],"acf":[],"yoast_head":"<!-- This site is optimized with the Yoast SEO plugin v27.3 - https:\/\/yoast.com\/product\/yoast-seo-wordpress\/ -->\n<title>Nu kan der supercykles mellem Ish\u00f8j og K\u00f8benhavn - Cycle Superhighways<\/title>\n<meta name=\"robots\" content=\"index, follow, max-snippet:-1, max-image-preview:large, max-video-preview:-1\" \/>\n<link rel=\"canonical\" href=\"https:\/\/supercykelstier.dk\/english\/blog\/pressemeddelelse\/nu-kan-der-supercykles-mellem-ishoej-og-koebenhavn\/\" \/>\n<meta property=\"og:locale\" content=\"en_US\" \/>\n<meta property=\"og:type\" content=\"article\" \/>\n<meta property=\"og:title\" content=\"Nu kan der supercykles mellem Ish\u00f8j og K\u00f8benhavn - Cycle Superhighways\" \/>\n<meta property=\"og:description\" content=\"Der er gode nyheder til de cykelglade, n\u00e5r 14 km ny Supercykelsti lanceres i slutningen af august. Ish\u00f8jruten er den tredje cykelpendlerrute i et planlagt net af 28 Supercykelstier, der skal skabe bedre forhold for cyklister. Lanceringen af ruten markerer et vigtigt skridt p\u00e5 vejen mod at g\u00f8re fremtidens transport gr\u00f8nnere og sundere. Den 28. [&hellip;]\" \/>\n<meta property=\"og:url\" content=\"https:\/\/supercykelstier.dk\/english\/blog\/pressemeddelelse\/nu-kan-der-supercykles-mellem-ishoej-og-koebenhavn\/\" \/>\n<meta property=\"og:site_name\" content=\"Cycle Superhighways\" \/>\n<meta property=\"article:modified_time\" content=\"2022-02-24T12:43:42+00:00\" \/>\n<meta property=\"og:image\" content=\"https:\/\/supercykelstier.dk\/english\/wp-content\/uploads\/sites\/3\/2022\/02\/075A8722-scaled.jpg\" \/>\n\t<meta property=\"og:image:width\" content=\"2560\" \/>\n\t<meta property=\"og:image:height\" content=\"1708\" \/>\n\t<meta property=\"og:image:type\" content=\"image\/jpeg\" \/>\n<meta name=\"twitter:card\" content=\"summary_large_image\" \/>\n<meta name=\"twitter:label1\" content=\"Est. reading time\" \/>\n\t<meta name=\"twitter:data1\" content=\"3 minutes\" \/>\n<script type=\"application\/ld+json\" class=\"yoast-schema-graph\">{\"@context\":\"https:\\\/\\\/schema.org\",\"@graph\":[{\"@type\":\"WebPage\",\"@id\":\"https:\\\/\\\/supercykelstier.dk\\\/english\\\/blog\\\/pressemeddelelse\\\/nu-kan-der-supercykles-mellem-ishoej-og-koebenhavn\\\/\",\"url\":\"https:\\\/\\\/supercykelstier.dk\\\/english\\\/blog\\\/pressemeddelelse\\\/nu-kan-der-supercykles-mellem-ishoej-og-koebenhavn\\\/\",\"name\":\"Nu kan der supercykles mellem Ish\u00f8j og K\u00f8benhavn - Cycle Superhighways\",\"isPartOf\":{\"@id\":\"https:\\\/\\\/supercykelstier.dk\\\/english\\\/#website\"},\"primaryImageOfPage\":{\"@id\":\"https:\\\/\\\/supercykelstier.dk\\\/english\\\/blog\\\/pressemeddelelse\\\/nu-kan-der-supercykles-mellem-ishoej-og-koebenhavn\\\/#primaryimage\"},\"image\":{\"@id\":\"https:\\\/\\\/supercykelstier.dk\\\/english\\\/blog\\\/pressemeddelelse\\\/nu-kan-der-supercykles-mellem-ishoej-og-koebenhavn\\\/#primaryimage\"},\"thumbnailUrl\":\"https:\\\/\\\/supercykelstier.dk\\\/english\\\/wp-content\\\/uploads\\\/sites\\\/3\\\/2022\\\/02\\\/075A8722-scaled.jpg\",\"datePublished\":\"2016-08-20T11:33:00+00:00\",\"dateModified\":\"2022-02-24T12:43:42+00:00\",\"breadcrumb\":{\"@id\":\"https:\\\/\\\/supercykelstier.dk\\\/english\\\/blog\\\/pressemeddelelse\\\/nu-kan-der-supercykles-mellem-ishoej-og-koebenhavn\\\/#breadcrumb\"},\"inLanguage\":\"en-US\",\"potentialAction\":[{\"@type\":\"ReadAction\",\"target\":[\"https:\\\/\\\/supercykelstier.dk\\\/english\\\/blog\\\/pressemeddelelse\\\/nu-kan-der-supercykles-mellem-ishoej-og-koebenhavn\\\/\"]}]},{\"@type\":\"ImageObject\",\"inLanguage\":\"en-US\",\"@id\":\"https:\\\/\\\/supercykelstier.dk\\\/english\\\/blog\\\/pressemeddelelse\\\/nu-kan-der-supercykles-mellem-ishoej-og-koebenhavn\\\/#primaryimage\",\"url\":\"https:\\\/\\\/supercykelstier.dk\\\/english\\\/wp-content\\\/uploads\\\/sites\\\/3\\\/2022\\\/02\\\/075A8722-scaled.jpg\",\"contentUrl\":\"https:\\\/\\\/supercykelstier.dk\\\/english\\\/wp-content\\\/uploads\\\/sites\\\/3\\\/2022\\\/02\\\/075A8722-scaled.jpg\",\"width\":2560,\"height\":1708},{\"@type\":\"BreadcrumbList\",\"@id\":\"https:\\\/\\\/supercykelstier.dk\\\/english\\\/blog\\\/pressemeddelelse\\\/nu-kan-der-supercykles-mellem-ishoej-og-koebenhavn\\\/#breadcrumb\",\"itemListElement\":[{\"@type\":\"ListItem\",\"position\":1,\"name\":\"Hjem\",\"item\":\"https:\\\/\\\/supercykelstier.dk\\\/english\\\/\"},{\"@type\":\"ListItem\",\"position\":2,\"name\":\"Pressemeddelelser\",\"item\":\"https:\\\/\\\/supercykelstier.dk\\\/english\\\/blog\\\/pressemeddelelse\\\/\"},{\"@type\":\"ListItem\",\"position\":3,\"name\":\"Nu kan der supercykles mellem Ish\u00f8j og K\u00f8benhavn\"}]},{\"@type\":\"WebSite\",\"@id\":\"https:\\\/\\\/supercykelstier.dk\\\/english\\\/#website\",\"url\":\"https:\\\/\\\/supercykelstier.dk\\\/english\\\/\",\"name\":\"Cycle Superhighways\",\"description\":\"skaber bedre forhold for dig, der tager cyklen til arbejde\",\"publisher\":{\"@id\":\"https:\\\/\\\/supercykelstier.dk\\\/english\\\/#organization\"},\"potentialAction\":[{\"@type\":\"SearchAction\",\"target\":{\"@type\":\"EntryPoint\",\"urlTemplate\":\"https:\\\/\\\/supercykelstier.dk\\\/english\\\/?s={search_term_string}\"},\"query-input\":{\"@type\":\"PropertyValueSpecification\",\"valueRequired\":true,\"valueName\":\"search_term_string\"}}],\"inLanguage\":\"en-US\"},{\"@type\":\"Organization\",\"@id\":\"https:\\\/\\\/supercykelstier.dk\\\/english\\\/#organization\",\"name\":\"Cycle Superhighways\",\"url\":\"https:\\\/\\\/supercykelstier.dk\\\/english\\\/\",\"logo\":{\"@type\":\"ImageObject\",\"inLanguage\":\"en-US\",\"@id\":\"https:\\\/\\\/supercykelstier.dk\\\/english\\\/#\\\/schema\\\/logo\\\/image\\\/\",\"url\":\"https:\\\/\\\/supercykelstier.dk\\\/english\\\/wp-content\\\/uploads\\\/sites\\\/3\\\/2024\\\/07\\\/Engelsk-logo.png\",\"contentUrl\":\"https:\\\/\\\/supercykelstier.dk\\\/english\\\/wp-content\\\/uploads\\\/sites\\\/3\\\/2024\\\/07\\\/Engelsk-logo.png\",\"width\":531,\"height\":131,\"caption\":\"Cycle Superhighways\"},\"image\":{\"@id\":\"https:\\\/\\\/supercykelstier.dk\\\/english\\\/#\\\/schema\\\/logo\\\/image\\\/\"}}]}<\/script>\n<!-- \/ Yoast SEO plugin. -->","yoast_head_json":{"title":"Nu kan der supercykles mellem Ish\u00f8j og K\u00f8benhavn - Cycle Superhighways","robots":{"index":"index","follow":"follow","max-snippet":"max-snippet:-1","max-image-preview":"max-image-preview:large","max-video-preview":"max-video-preview:-1"},"canonical":"https:\/\/supercykelstier.dk\/english\/blog\/pressemeddelelse\/nu-kan-der-supercykles-mellem-ishoej-og-koebenhavn\/","og_locale":"en_US","og_type":"article","og_title":"Nu kan der supercykles mellem Ish\u00f8j og K\u00f8benhavn - Cycle Superhighways","og_description":"Der er gode nyheder til de cykelglade, n\u00e5r 14 km ny Supercykelsti lanceres i slutningen af august. Ish\u00f8jruten er den tredje cykelpendlerrute i et planlagt net af 28 Supercykelstier, der skal skabe bedre forhold for cyklister. Lanceringen af ruten markerer et vigtigt skridt p\u00e5 vejen mod at g\u00f8re fremtidens transport gr\u00f8nnere og sundere. Den 28. [&hellip;]","og_url":"https:\/\/supercykelstier.dk\/english\/blog\/pressemeddelelse\/nu-kan-der-supercykles-mellem-ishoej-og-koebenhavn\/","og_site_name":"Cycle Superhighways","article_modified_time":"2022-02-24T12:43:42+00:00","og_image":[{"width":2560,"height":1708,"url":"https:\/\/supercykelstier.dk\/english\/wp-content\/uploads\/sites\/3\/2022\/02\/075A8722-scaled.jpg","type":"image\/jpeg"}],"twitter_card":"summary_large_image","twitter_misc":{"Est. reading time":"3 minutes"},"schema":{"@context":"https:\/\/schema.org","@graph":[{"@type":"WebPage","@id":"https:\/\/supercykelstier.dk\/english\/blog\/pressemeddelelse\/nu-kan-der-supercykles-mellem-ishoej-og-koebenhavn\/","url":"https:\/\/supercykelstier.dk\/english\/blog\/pressemeddelelse\/nu-kan-der-supercykles-mellem-ishoej-og-koebenhavn\/","name":"Nu kan der supercykles mellem Ish\u00f8j og K\u00f8benhavn - Cycle Superhighways","isPartOf":{"@id":"https:\/\/supercykelstier.dk\/english\/#website"},"primaryImageOfPage":{"@id":"https:\/\/supercykelstier.dk\/english\/blog\/pressemeddelelse\/nu-kan-der-supercykles-mellem-ishoej-og-koebenhavn\/#primaryimage"},"image":{"@id":"https:\/\/supercykelstier.dk\/english\/blog\/pressemeddelelse\/nu-kan-der-supercykles-mellem-ishoej-og-koebenhavn\/#primaryimage"},"thumbnailUrl":"https:\/\/supercykelstier.dk\/english\/wp-content\/uploads\/sites\/3\/2022\/02\/075A8722-scaled.jpg","datePublished":"2016-08-20T11:33:00+00:00","dateModified":"2022-02-24T12:43:42+00:00","breadcrumb":{"@id":"https:\/\/supercykelstier.dk\/english\/blog\/pressemeddelelse\/nu-kan-der-supercykles-mellem-ishoej-og-koebenhavn\/#breadcrumb"},"inLanguage":"en-US","potentialAction":[{"@type":"ReadAction","target":["https:\/\/supercykelstier.dk\/english\/blog\/pressemeddelelse\/nu-kan-der-supercykles-mellem-ishoej-og-koebenhavn\/"]}]},{"@type":"ImageObject","inLanguage":"en-US","@id":"https:\/\/supercykelstier.dk\/english\/blog\/pressemeddelelse\/nu-kan-der-supercykles-mellem-ishoej-og-koebenhavn\/#primaryimage","url":"https:\/\/supercykelstier.dk\/english\/wp-content\/uploads\/sites\/3\/2022\/02\/075A8722-scaled.jpg","contentUrl":"https:\/\/supercykelstier.dk\/english\/wp-content\/uploads\/sites\/3\/2022\/02\/075A8722-scaled.jpg","width":2560,"height":1708},{"@type":"BreadcrumbList","@id":"https:\/\/supercykelstier.dk\/english\/blog\/pressemeddelelse\/nu-kan-der-supercykles-mellem-ishoej-og-koebenhavn\/#breadcrumb","itemListElement":[{"@type":"ListItem","position":1,"name":"Hjem","item":"https:\/\/supercykelstier.dk\/english\/"},{"@type":"ListItem","position":2,"name":"Pressemeddelelser","item":"https:\/\/supercykelstier.dk\/english\/blog\/pressemeddelelse\/"},{"@type":"ListItem","position":3,"name":"Nu kan der supercykles mellem Ish\u00f8j og K\u00f8benhavn"}]},{"@type":"WebSite","@id":"https:\/\/supercykelstier.dk\/english\/#website","url":"https:\/\/supercykelstier.dk\/english\/","name":"Cycle Superhighways","description":"skaber bedre forhold for dig, der tager cyklen til arbejde","publisher":{"@id":"https:\/\/supercykelstier.dk\/english\/#organization"},"potentialAction":[{"@type":"SearchAction","target":{"@type":"EntryPoint","urlTemplate":"https:\/\/supercykelstier.dk\/english\/?s={search_term_string}"},"query-input":{"@type":"PropertyValueSpecification","valueRequired":true,"valueName":"search_term_string"}}],"inLanguage":"en-US"},{"@type":"Organization","@id":"https:\/\/supercykelstier.dk\/english\/#organization","name":"Cycle Superhighways","url":"https:\/\/supercykelstier.dk\/english\/","logo":{"@type":"ImageObject","inLanguage":"en-US","@id":"https:\/\/supercykelstier.dk\/english\/#\/schema\/logo\/image\/","url":"https:\/\/supercykelstier.dk\/english\/wp-content\/uploads\/sites\/3\/2024\/07\/Engelsk-logo.png","contentUrl":"https:\/\/supercykelstier.dk\/english\/wp-content\/uploads\/sites\/3\/2024\/07\/Engelsk-logo.png","width":531,"height":131,"caption":"Cycle Superhighways"},"image":{"@id":"https:\/\/supercykelstier.dk\/english\/#\/schema\/logo\/image\/"}}]}},"_links":{"self":[{"href":"https:\/\/supercykelstier.dk\/english\/wp-json\/wp\/v2\/pressemeddelelser\/7450","targetHints":{"allow":["GET"]}}],"collection":[{"href":"https:\/\/supercykelstier.dk\/english\/wp-json\/wp\/v2\/pressemeddelelser"}],"about":[{"href":"https:\/\/supercykelstier.dk\/english\/wp-json\/wp\/v2\/types\/pressemeddelelse"}],"replies":[{"embeddable":true,"href":"https:\/\/supercykelstier.dk\/english\/wp-json\/wp\/v2\/comments?post=7450"}],"version-history":[{"count":0,"href":"https:\/\/supercykelstier.dk\/english\/wp-json\/wp\/v2\/pressemeddelelser\/7450\/revisions"}],"wp:featuredmedia":[{"embeddable":true,"href":"https:\/\/supercykelstier.dk\/english\/wp-json\/wp\/v2\/media\/5369"}],"wp:attachment":[{"href":"https:\/\/supercykelstier.dk\/english\/wp-json\/wp\/v2\/media?parent=7450"}],"wp:term":[{"taxonomy":"category","embeddable":true,"href":"https:\/\/supercykelstier.dk\/english\/wp-json\/wp\/v2\/categories?post=7450"},{"taxonomy":"post_tag","embeddable":true,"href":"https:\/\/supercykelstier.dk\/english\/wp-json\/wp\/v2\/tags?post=7450"}],"curies":[{"name":"wp","href":"https:\/\/api.w.org\/{rel}","templated":true}]}}