
{"id":5142,"date":"2019-11-05T13:54:00","date_gmt":"2019-11-05T12:54:00","guid":{"rendered":"https:\/\/supercykelstier.dk\/?post_type=pressemeddelelse&#038;p=5142"},"modified":"2022-02-01T14:09:04","modified_gmt":"2022-02-01T13:09:04","slug":"opraab-til-transportminister-fra-26-borgmestre-og-en-regionraadsformand","status":"publish","type":"pressemeddelelse","link":"https:\/\/supercykelstier.dk\/english\/blog\/pressemeddelelse\/opraab-til-transportminister-fra-26-borgmestre-og-en-regionraadsformand\/","title":{"rendered":"Opr\u00e5b til transportminister fra 26 borgmestre og en regionr\u00e5dsformand"},"content":{"rendered":"<p class=\"has-medium-font-size\"><em>Supercykelstisamarbejdet i Region Hovedstaden har netop offentliggjort deres f\u00f8rste cykelregnskab og konklusionen er klar: Det tv\u00e6rkommunale samarbejde om regional cykelpendlerinfrastruktur er en succes!<\/em><\/p>\n\n\n\n<p>Derfor mener 26 borgmestre og en regionsr\u00e5dsformand at staten skal hj\u00e6lpe med at styrke cykelindsatsen i Danmark og har 3 anbefalinger til hvordan. Den f\u00e6lles deklaration blev overrakt til transportministeren ved et borgmestertopm\u00f8de i torsdags og blev vel modtaget.<\/p>\n\n\n\n<p>Verden ser til Danmark for b\u00e6redygtige l\u00f8sninger. S\u00e6rligt vores unikke, danske cykelkultur og -indsatser tr\u00e6kker overskrifter i internationale medier. Senest blev supercykelstisamarbejdet i Region Hovedstaden udpeget som \u00e9n ud af 100 ledende climate action-projekter i 2019 i The Cities100 report, og derefter udpeget som finalist til en C40 Cities Bloomberg Philanthropies Awards 2019. Men m\u00e5let er ikke n\u00e5et endnu. Hvis vi skal have flere til at v\u00e6lge cyklen ogs\u00e5 p\u00e5 de l\u00e6ngere distancer, kr\u00e6ver det, at kommuner, regioner og staten st\u00e5r sammen. Derfor afholdte Supercykelstisamarbejdet i torsdags et borgmestertopm\u00f8de, hvor transportministeren m\u00f8dte op og fik overrakt samarbejdets tre anbefalinger til en kommende statslig investeringsplan for infrastruktur frem mod 2030.<\/p>\n\n\n\n<p>\u201dDet er modigt at kalde sig cykelminister, men jeg mener det oprigtigt. Det er ikke kun i hovedstadsomr\u00e5det, at cykling er vigtigt, det er det i hele landet. At tage et par kilometer til arbejde p\u00e5 cykel er der relativt mange, der g\u00f8r. Men hvis vi for alvor skal \u00e6ndre noget p\u00e5 vores klima-, sundheds- og tr\u00e6ngselsudfordringer, skal cykling ogs\u00e5 v\u00e6re attraktivt p\u00e5 de l\u00e6ngere afstande. S\u00e5 det er et fantastisk vigtigt stykke arbejde, som Supercykelstisamarbejdet og de 27 borgmestre har kastet sig ud i med nogle virkelig flotte resultater og anbefalinger, som kan indg\u00e5 i de kommende dr\u00f8ftelser om en investeringsplan. For vi skal tage de n\u00f8dvendige milj\u00f8- og klimahensyn, n\u00e5r vi planl\u00e6gger fremtidens infrastruktur, og det kr\u00e6ver investeringer i cyklisme,\u201d<br>siger transportminister Benny Engelbrecht.<\/p>\n\n\n\n<h3 class=\"wp-block-heading\" id=\"onske-om-ny-national-cykelpulje\"><strong>\u00d8nske om ny national cykelpulje <\/strong><\/h3>\n\n\n\n<p>Anbefalingerne handler om, hvordan staten kan st\u00f8tte kommunernes prioritering af regionale cykelinfrastrukturinvesteringer blandt andet gennem en fast national cykelpulje.<\/p>\n\n\n\n<p>\u201dPendlerne er ligeglade med kommunegr\u00e6nser. Hvis vi skal g\u00f8re det mere attraktivt for flere at v\u00e6lge cyklen, bliver vi n\u00f8dt til at samarbejde tv\u00e6rs \u2013 og det er d\u00e9t, Supercykelstisamarbejdet g\u00f8r.<br>Samtidig er det vigtigt, at regional cykelinfrastruktur ikke kun ses som en kommunal opgave, men ogs\u00e5 l\u00f8ftes regionalt og nationalt. Derfor er det afg\u00f8rende, at staten st\u00f8tter op om det fremtidige arbejde med udbygningen af supercykelstinettet,\u201d siger Ninna Hedeager Olsen,<br>teknik- og milj\u00f8borgmester i K\u00f8benhavns Kommune.<\/p>\n\n\n\n<p>Supercykelstierne er \u00e9t af Danmarks mest rentable infrastruktur-projekter. Et fuldt udbygget supercykelstinet med 45 ruter koster 2,2 mia. kr. og har et samfunds\u00f8konomisk afkast p\u00e5 5,7 mia. \u2013 svarende til en intern rente p\u00e5 11 %. 70 % af de samfunds\u00f8konomiske gevinster tilfalder staten. Det er med andre ord en virkelig god forretning for staten at investere i supercykelstier.<\/p>\n\n\n\n<h3 class=\"wp-block-heading\" id=\"nemmere-for-flere-at-vaelge-cyklen\"><strong>Nemmere for flere at v\u00e6lge cyklen <\/strong><\/h3>\n\n\n\n<p>Det er s\u00e6rligt de sundhedsm\u00e6ssige effekter af flere cykelpendlere, der g\u00f8r supercykelstierne til en god investering. I gennemsnit cykler pendlerne p\u00e5 supercykelstierne 11 km pr. tur. Cykelturen til og fra arbejde starter og slutter dog ikke p\u00e5 cykelstien men i hjemmet og p\u00e5 arbejdspladsen. Virksomhederne spiller s\u00e5ledes en afg\u00f8rende rolle i at g\u00f8re det nemmere for deres medarbejdere at v\u00e6lge cyklen til og fra arbejde. Derfor anbefaler Supercykelstisamarbejdet ogs\u00e5, at staten skaber flere incitamenter til at fremme cykelpendling for arbejdsgivere og arbejdstagere.<br><\/p>\n\n\n\n<p>\u201dKnap halvdelen af alle danskere har 10 km eller derunder til arbejde. Og skal vi g\u00f8re noget ved vores store klimaudfordringer spiller hverdagspendling ogs\u00e5 en k\u00e6mpe rolle. I Roskilde Kommune har vi udr\u00e5bt 2021 til cykel\u00e5r, hvor vi s\u00e6tter fokus p\u00e5 b\u00e5de klima, adf\u00e6rd og infrastruktur. Cykelpendling er nemlig ikke kun for storbyboere, cykelpendling er for hele Danmark. Derfor har vi pligt til at g\u00f8re det mere attraktiv for flere at tage de 10 km p\u00e5 cykel \u2013 og det skal vi blandt andet g\u00f8re i samarbejde med virksomhederne. Derfor anbefaler vi, at staten skaber flere incitamenter til at fremme cykelpendling for arbejdsgivere og arbejdstagere,\u201d siger<br>Tomas Breddam, borgmester i Roskilde Kommune, der som den f\u00f8rste kommune i Region Sj\u00e6lland har tilsluttet sig samarbejdet.<\/p>\n\n\n\n<h3 class=\"wp-block-heading\" id=\"10-ars-jubilaeum-fejres-med-cykelregnskab\"><strong>10-\u00e5rs jubil\u00e6um fejres med cykelregnskab <\/strong><\/h3>\n\n\n\n<p>Supercykelstisamarbejdet, der i \u00e5r kan fejre 10-\u00e5rs jubil\u00e6um, overrakte sammen med deklarationen og de tre anbefalinger ogs\u00e5 samarbejdets f\u00f8rste cykelregnskab til transportministeren. Cykelregnskabet indeholder alle resultaterne fra samarbejdets f\u00f8rste ti \u00e5r med otte etablerede supercykelstier, og resultaterne taler deres klare sprog: Supercykelstisamarbejdet er en succes.<\/p>\n\n\n\n<p>Ikke alene er samarbejdet vokset fra 16 til 27 kommuner, der er ogs\u00e5 indg\u00e5et politisk enighed om visionen om at etablere i alt 45 supercykelstier inden 2045 \u2013 svarende til over 750 km supercykelsti. P\u00e5 de otte etablerede supercykelstier er der m\u00e5lt en gennemsnitlig stigning i cykeltrafik p\u00e5 23 %, og 14 % af de nye cyklister valgte tidligere bilen. Ydermere er den gennemsnitlige pendler-turl\u00e6ngde p\u00e5 supercykelstinettet 11 km, hvilket er st\u00e6rkt konkurrencedygtigt til den gennemsnitlige turl\u00e6ngde p\u00e5 S-togs-nettet p\u00e5 12 km og<br>s\u00e6rligt interessant set i lyset af, at 60 % af alle borgere i Region Hovedstaden har 10 km eller derunder til arbejde.<br><\/p>\n\n\n\n<p>\u201dI Aller\u00f8d satser vi p\u00e5 cyklen som transportmiddel, blandt andet fordi den er et bindemiddel til at f\u00e5 vores infrastruktur til at h\u00e6nge sammen. Her er supercykelstinettet afg\u00f8rende for at det b\u00e5de er muligt at cykle til og fra K\u00f8benhavn, men ogs\u00e5 at man fremover skal kunne komme hurtigt og sikkert p\u00e5 tv\u00e6rs af Hovedstaden. Derfor giver vi vores st\u00f8tte til deklarationen og inviterer staten til at tage mere medansvar for de regionale cykelforbindelser,\u201d siger Karsten L\u00e4ngerich, borgmester i Aller\u00f8d Kommune.<\/p>\n\n\n\n<p><em>Mere information om pressekontakter mv. findes i nedenst\u00e5ende dokument<\/em>:<\/p>\n\n\n<div class=\"wp-block-columns is-not-stacked-on-mobile has-shadow document\">\n\t<div class=\"wp-block-column thumbnail\" style=\"padding-top:1rem;padding-right:1rem;padding-bottom:1rem;padding-left:1rem;flex-basis:180px;justify-content:center;\">\n\t\t\t\t\t\t<img loading=\"lazy\" decoding=\"async\" width=\"345\" height=\"488\" src=\"https:\/\/supercykelstier.dk\/english\/wp-content\/uploads\/sites\/3\/2019\/11\/Pressemeddelse-Borgmestermoede-i-Supercykelstisamarbejdet-web-faerdig-pdf.jpg\" class=\"attachment-thumbnail_uncropped size-thumbnail_uncropped\" alt=\"\" \/>\t\t\t\t\t<div class=\"wp-container-61dd85b2203a1 wp-block-buttons\" style=\"text-align:center; margin:auto;\">\n\t\t\t\t\t\t<div class=\"wp-block-button\">\n\t\t\t\t\t<a href=\"https:\/\/supercykelstier.dk\/english\/download_single_pdf?id=5144\" class=\"wp-block-button__link\">Download<\/a>\n\t\t\t<\/div>\n\t\t\t\t\t<\/div>\n\t<\/div>\n\t<div class=\"wp-block-column\" style=\"padding-top:1rem;padding-right:1rem;padding-bottom:1rem;padding-left:1rem\">\n\t\t\t\t<p class=\"has-accent-color has-text-color has-tiny-font-size\">\n\t\t\t<strong>Pressemeddelelse<\/strong>\n\t\t<\/p>\n\t\t\t\t\t\t<h4>\n\t\t\t\t\t\t<a href=\"https:\/\/supercykelstier.dk\/english\/wp-content\/uploads\/sites\/3\/2019\/11\/Pressemeddelse-Borgmestermoede-i-Supercykelstisamarbejdet-web-faerdig.pdf\" target=\"_blank\" rel=\"noopener\">\n\t\t\t\t<em>Opr\u00e5b til transportminister: 26 borgmestre og en regionr\u00e5dsformand vil have staten til at styrke cykling p\u00e5 tv\u00e6rs af kommunegr\u00e6nser<\/em>\n\t\t\t<\/a>\n\t\t\t\t\t<\/h4>\n\t\t\t\t<p>Supercykelstisamarbejdet i Region Hovedstaden har netop offentliggjort deres f\u00f8rste cykelregnskab og konklusionen er klar: Det tv\u00e6rkommunale samarbejde om regional cykelpendlerinfrastruktur er en succes!<\/p>\n\t<\/div>\n<\/div>","protected":false},"excerpt":{"rendered":"<p>Supercykelstisamarbejdet i Region Hovedstaden har netop offentliggjort deres f\u00f8rste cykelregnskab og konklusionen er klar: Det tv\u00e6rkommunale samarbejde om regional cykelpendlerinfrastruktur er en succes! Derfor mener 26 borgmestre og en regionsr\u00e5dsformand at staten skal hj\u00e6lpe med at styrke cykelindsatsen i Danmark og har 3 anbefalinger til hvordan. Den f\u00e6lles deklaration blev overrakt til transportministeren ved et [&hellip;]<\/p>","protected":false},"featured_media":4768,"comment_status":"open","ping_status":"closed","template":"","meta":{"_acf_changed":false,"_relevanssi_hide_post":"","_relevanssi_hide_content":"","_relevanssi_pin_for_all":"","_relevanssi_pin_keywords":"","_relevanssi_unpin_keywords":"","_relevanssi_related_keywords":"","_relevanssi_related_include_ids":"","_relevanssi_related_exclude_ids":"","_relevanssi_related_no_append":"","_relevanssi_related_not_related":"","_relevanssi_related_posts":"","_relevanssi_noindex_reason":"","editor_notices":[],"footnotes":""},"categories":[204],"tags":[],"class_list":["post-5142","pressemeddelelse","type-pressemeddelelse","status-publish","has-post-thumbnail","hentry","category-press-release"],"acf":[],"yoast_head":"<!-- This site is optimized with the Yoast SEO plugin v27.3 - https:\/\/yoast.com\/product\/yoast-seo-wordpress\/ -->\n<title>Opr\u00e5b til transportminister fra 26 borgmestre og en regionr\u00e5dsformand - Cycle Superhighways<\/title>\n<meta name=\"robots\" content=\"index, follow, max-snippet:-1, max-image-preview:large, max-video-preview:-1\" \/>\n<link rel=\"canonical\" href=\"https:\/\/supercykelstier.dk\/english\/blog\/pressemeddelelse\/opraab-til-transportminister-fra-26-borgmestre-og-en-regionraadsformand\/\" \/>\n<meta property=\"og:locale\" content=\"en_US\" \/>\n<meta property=\"og:type\" content=\"article\" \/>\n<meta property=\"og:title\" content=\"Opr\u00e5b til transportminister fra 26 borgmestre og en regionr\u00e5dsformand - Cycle Superhighways\" \/>\n<meta property=\"og:description\" content=\"Supercykelstisamarbejdet i Region Hovedstaden har netop offentliggjort deres f\u00f8rste cykelregnskab og konklusionen er klar: Det tv\u00e6rkommunale samarbejde om regional cykelpendlerinfrastruktur er en succes! Derfor mener 26 borgmestre og en regionsr\u00e5dsformand at staten skal hj\u00e6lpe med at styrke cykelindsatsen i Danmark og har 3 anbefalinger til hvordan. Den f\u00e6lles deklaration blev overrakt til transportministeren ved et [&hellip;]\" \/>\n<meta property=\"og:url\" content=\"https:\/\/supercykelstier.dk\/english\/blog\/pressemeddelelse\/opraab-til-transportminister-fra-26-borgmestre-og-en-regionraadsformand\/\" \/>\n<meta property=\"og:site_name\" content=\"Cycle Superhighways\" \/>\n<meta property=\"article:modified_time\" content=\"2022-02-01T13:09:04+00:00\" \/>\n<meta property=\"og:image\" content=\"https:\/\/supercykelstier.dk\/english\/wp-content\/uploads\/sites\/3\/2021\/12\/C840872-scaled.jpg\" \/>\n\t<meta property=\"og:image:width\" content=\"2560\" \/>\n\t<meta property=\"og:image:height\" content=\"1709\" \/>\n\t<meta property=\"og:image:type\" content=\"image\/jpeg\" \/>\n<meta name=\"twitter:card\" content=\"summary_large_image\" \/>\n<meta name=\"twitter:label1\" content=\"Est. reading time\" \/>\n\t<meta name=\"twitter:data1\" content=\"4 minutes\" \/>\n<script type=\"application\/ld+json\" class=\"yoast-schema-graph\">{\"@context\":\"https:\\\/\\\/schema.org\",\"@graph\":[{\"@type\":\"WebPage\",\"@id\":\"https:\\\/\\\/supercykelstier.dk\\\/english\\\/blog\\\/pressemeddelelse\\\/opraab-til-transportminister-fra-26-borgmestre-og-en-regionraadsformand\\\/\",\"url\":\"https:\\\/\\\/supercykelstier.dk\\\/english\\\/blog\\\/pressemeddelelse\\\/opraab-til-transportminister-fra-26-borgmestre-og-en-regionraadsformand\\\/\",\"name\":\"Opr\u00e5b til transportminister fra 26 borgmestre og en regionr\u00e5dsformand - Cycle Superhighways\",\"isPartOf\":{\"@id\":\"https:\\\/\\\/supercykelstier.dk\\\/english\\\/#website\"},\"primaryImageOfPage\":{\"@id\":\"https:\\\/\\\/supercykelstier.dk\\\/english\\\/blog\\\/pressemeddelelse\\\/opraab-til-transportminister-fra-26-borgmestre-og-en-regionraadsformand\\\/#primaryimage\"},\"image\":{\"@id\":\"https:\\\/\\\/supercykelstier.dk\\\/english\\\/blog\\\/pressemeddelelse\\\/opraab-til-transportminister-fra-26-borgmestre-og-en-regionraadsformand\\\/#primaryimage\"},\"thumbnailUrl\":\"https:\\\/\\\/supercykelstier.dk\\\/english\\\/wp-content\\\/uploads\\\/sites\\\/3\\\/2021\\\/12\\\/C840872-scaled.jpg\",\"datePublished\":\"2019-11-05T12:54:00+00:00\",\"dateModified\":\"2022-02-01T13:09:04+00:00\",\"breadcrumb\":{\"@id\":\"https:\\\/\\\/supercykelstier.dk\\\/english\\\/blog\\\/pressemeddelelse\\\/opraab-til-transportminister-fra-26-borgmestre-og-en-regionraadsformand\\\/#breadcrumb\"},\"inLanguage\":\"en-US\",\"potentialAction\":[{\"@type\":\"ReadAction\",\"target\":[\"https:\\\/\\\/supercykelstier.dk\\\/english\\\/blog\\\/pressemeddelelse\\\/opraab-til-transportminister-fra-26-borgmestre-og-en-regionraadsformand\\\/\"]}]},{\"@type\":\"ImageObject\",\"inLanguage\":\"en-US\",\"@id\":\"https:\\\/\\\/supercykelstier.dk\\\/english\\\/blog\\\/pressemeddelelse\\\/opraab-til-transportminister-fra-26-borgmestre-og-en-regionraadsformand\\\/#primaryimage\",\"url\":\"https:\\\/\\\/supercykelstier.dk\\\/english\\\/wp-content\\\/uploads\\\/sites\\\/3\\\/2021\\\/12\\\/C840872-scaled.jpg\",\"contentUrl\":\"https:\\\/\\\/supercykelstier.dk\\\/english\\\/wp-content\\\/uploads\\\/sites\\\/3\\\/2021\\\/12\\\/C840872-scaled.jpg\",\"width\":2560,\"height\":1709},{\"@type\":\"BreadcrumbList\",\"@id\":\"https:\\\/\\\/supercykelstier.dk\\\/english\\\/blog\\\/pressemeddelelse\\\/opraab-til-transportminister-fra-26-borgmestre-og-en-regionraadsformand\\\/#breadcrumb\",\"itemListElement\":[{\"@type\":\"ListItem\",\"position\":1,\"name\":\"Hjem\",\"item\":\"https:\\\/\\\/supercykelstier.dk\\\/english\\\/\"},{\"@type\":\"ListItem\",\"position\":2,\"name\":\"Pressemeddelelser\",\"item\":\"https:\\\/\\\/supercykelstier.dk\\\/english\\\/blog\\\/pressemeddelelse\\\/\"},{\"@type\":\"ListItem\",\"position\":3,\"name\":\"Opr\u00e5b til transportminister fra 26 borgmestre og en regionr\u00e5dsformand\"}]},{\"@type\":\"WebSite\",\"@id\":\"https:\\\/\\\/supercykelstier.dk\\\/english\\\/#website\",\"url\":\"https:\\\/\\\/supercykelstier.dk\\\/english\\\/\",\"name\":\"Cycle Superhighways\",\"description\":\"skaber bedre forhold for dig, der tager cyklen til arbejde\",\"publisher\":{\"@id\":\"https:\\\/\\\/supercykelstier.dk\\\/english\\\/#organization\"},\"potentialAction\":[{\"@type\":\"SearchAction\",\"target\":{\"@type\":\"EntryPoint\",\"urlTemplate\":\"https:\\\/\\\/supercykelstier.dk\\\/english\\\/?s={search_term_string}\"},\"query-input\":{\"@type\":\"PropertyValueSpecification\",\"valueRequired\":true,\"valueName\":\"search_term_string\"}}],\"inLanguage\":\"en-US\"},{\"@type\":\"Organization\",\"@id\":\"https:\\\/\\\/supercykelstier.dk\\\/english\\\/#organization\",\"name\":\"Cycle Superhighways\",\"url\":\"https:\\\/\\\/supercykelstier.dk\\\/english\\\/\",\"logo\":{\"@type\":\"ImageObject\",\"inLanguage\":\"en-US\",\"@id\":\"https:\\\/\\\/supercykelstier.dk\\\/english\\\/#\\\/schema\\\/logo\\\/image\\\/\",\"url\":\"https:\\\/\\\/supercykelstier.dk\\\/english\\\/wp-content\\\/uploads\\\/sites\\\/3\\\/2024\\\/07\\\/Engelsk-logo.png\",\"contentUrl\":\"https:\\\/\\\/supercykelstier.dk\\\/english\\\/wp-content\\\/uploads\\\/sites\\\/3\\\/2024\\\/07\\\/Engelsk-logo.png\",\"width\":531,\"height\":131,\"caption\":\"Cycle Superhighways\"},\"image\":{\"@id\":\"https:\\\/\\\/supercykelstier.dk\\\/english\\\/#\\\/schema\\\/logo\\\/image\\\/\"}}]}<\/script>\n<!-- \/ Yoast SEO plugin. -->","yoast_head_json":{"title":"Opr\u00e5b til transportminister fra 26 borgmestre og en regionr\u00e5dsformand - Cycle Superhighways","robots":{"index":"index","follow":"follow","max-snippet":"max-snippet:-1","max-image-preview":"max-image-preview:large","max-video-preview":"max-video-preview:-1"},"canonical":"https:\/\/supercykelstier.dk\/english\/blog\/pressemeddelelse\/opraab-til-transportminister-fra-26-borgmestre-og-en-regionraadsformand\/","og_locale":"en_US","og_type":"article","og_title":"Opr\u00e5b til transportminister fra 26 borgmestre og en regionr\u00e5dsformand - Cycle Superhighways","og_description":"Supercykelstisamarbejdet i Region Hovedstaden har netop offentliggjort deres f\u00f8rste cykelregnskab og konklusionen er klar: Det tv\u00e6rkommunale samarbejde om regional cykelpendlerinfrastruktur er en succes! Derfor mener 26 borgmestre og en regionsr\u00e5dsformand at staten skal hj\u00e6lpe med at styrke cykelindsatsen i Danmark og har 3 anbefalinger til hvordan. Den f\u00e6lles deklaration blev overrakt til transportministeren ved et [&hellip;]","og_url":"https:\/\/supercykelstier.dk\/english\/blog\/pressemeddelelse\/opraab-til-transportminister-fra-26-borgmestre-og-en-regionraadsformand\/","og_site_name":"Cycle Superhighways","article_modified_time":"2022-02-01T13:09:04+00:00","og_image":[{"width":2560,"height":1709,"url":"https:\/\/supercykelstier.dk\/english\/wp-content\/uploads\/sites\/3\/2021\/12\/C840872-scaled.jpg","type":"image\/jpeg"}],"twitter_card":"summary_large_image","twitter_misc":{"Est. reading time":"4 minutes"},"schema":{"@context":"https:\/\/schema.org","@graph":[{"@type":"WebPage","@id":"https:\/\/supercykelstier.dk\/english\/blog\/pressemeddelelse\/opraab-til-transportminister-fra-26-borgmestre-og-en-regionraadsformand\/","url":"https:\/\/supercykelstier.dk\/english\/blog\/pressemeddelelse\/opraab-til-transportminister-fra-26-borgmestre-og-en-regionraadsformand\/","name":"Opr\u00e5b til transportminister fra 26 borgmestre og en regionr\u00e5dsformand - Cycle Superhighways","isPartOf":{"@id":"https:\/\/supercykelstier.dk\/english\/#website"},"primaryImageOfPage":{"@id":"https:\/\/supercykelstier.dk\/english\/blog\/pressemeddelelse\/opraab-til-transportminister-fra-26-borgmestre-og-en-regionraadsformand\/#primaryimage"},"image":{"@id":"https:\/\/supercykelstier.dk\/english\/blog\/pressemeddelelse\/opraab-til-transportminister-fra-26-borgmestre-og-en-regionraadsformand\/#primaryimage"},"thumbnailUrl":"https:\/\/supercykelstier.dk\/english\/wp-content\/uploads\/sites\/3\/2021\/12\/C840872-scaled.jpg","datePublished":"2019-11-05T12:54:00+00:00","dateModified":"2022-02-01T13:09:04+00:00","breadcrumb":{"@id":"https:\/\/supercykelstier.dk\/english\/blog\/pressemeddelelse\/opraab-til-transportminister-fra-26-borgmestre-og-en-regionraadsformand\/#breadcrumb"},"inLanguage":"en-US","potentialAction":[{"@type":"ReadAction","target":["https:\/\/supercykelstier.dk\/english\/blog\/pressemeddelelse\/opraab-til-transportminister-fra-26-borgmestre-og-en-regionraadsformand\/"]}]},{"@type":"ImageObject","inLanguage":"en-US","@id":"https:\/\/supercykelstier.dk\/english\/blog\/pressemeddelelse\/opraab-til-transportminister-fra-26-borgmestre-og-en-regionraadsformand\/#primaryimage","url":"https:\/\/supercykelstier.dk\/english\/wp-content\/uploads\/sites\/3\/2021\/12\/C840872-scaled.jpg","contentUrl":"https:\/\/supercykelstier.dk\/english\/wp-content\/uploads\/sites\/3\/2021\/12\/C840872-scaled.jpg","width":2560,"height":1709},{"@type":"BreadcrumbList","@id":"https:\/\/supercykelstier.dk\/english\/blog\/pressemeddelelse\/opraab-til-transportminister-fra-26-borgmestre-og-en-regionraadsformand\/#breadcrumb","itemListElement":[{"@type":"ListItem","position":1,"name":"Hjem","item":"https:\/\/supercykelstier.dk\/english\/"},{"@type":"ListItem","position":2,"name":"Pressemeddelelser","item":"https:\/\/supercykelstier.dk\/english\/blog\/pressemeddelelse\/"},{"@type":"ListItem","position":3,"name":"Opr\u00e5b til transportminister fra 26 borgmestre og en regionr\u00e5dsformand"}]},{"@type":"WebSite","@id":"https:\/\/supercykelstier.dk\/english\/#website","url":"https:\/\/supercykelstier.dk\/english\/","name":"Cycle Superhighways","description":"skaber bedre forhold for dig, der tager cyklen til arbejde","publisher":{"@id":"https:\/\/supercykelstier.dk\/english\/#organization"},"potentialAction":[{"@type":"SearchAction","target":{"@type":"EntryPoint","urlTemplate":"https:\/\/supercykelstier.dk\/english\/?s={search_term_string}"},"query-input":{"@type":"PropertyValueSpecification","valueRequired":true,"valueName":"search_term_string"}}],"inLanguage":"en-US"},{"@type":"Organization","@id":"https:\/\/supercykelstier.dk\/english\/#organization","name":"Cycle Superhighways","url":"https:\/\/supercykelstier.dk\/english\/","logo":{"@type":"ImageObject","inLanguage":"en-US","@id":"https:\/\/supercykelstier.dk\/english\/#\/schema\/logo\/image\/","url":"https:\/\/supercykelstier.dk\/english\/wp-content\/uploads\/sites\/3\/2024\/07\/Engelsk-logo.png","contentUrl":"https:\/\/supercykelstier.dk\/english\/wp-content\/uploads\/sites\/3\/2024\/07\/Engelsk-logo.png","width":531,"height":131,"caption":"Cycle Superhighways"},"image":{"@id":"https:\/\/supercykelstier.dk\/english\/#\/schema\/logo\/image\/"}}]}},"_links":{"self":[{"href":"https:\/\/supercykelstier.dk\/english\/wp-json\/wp\/v2\/pressemeddelelser\/5142","targetHints":{"allow":["GET"]}}],"collection":[{"href":"https:\/\/supercykelstier.dk\/english\/wp-json\/wp\/v2\/pressemeddelelser"}],"about":[{"href":"https:\/\/supercykelstier.dk\/english\/wp-json\/wp\/v2\/types\/pressemeddelelse"}],"replies":[{"embeddable":true,"href":"https:\/\/supercykelstier.dk\/english\/wp-json\/wp\/v2\/comments?post=5142"}],"version-history":[{"count":0,"href":"https:\/\/supercykelstier.dk\/english\/wp-json\/wp\/v2\/pressemeddelelser\/5142\/revisions"}],"wp:featuredmedia":[{"embeddable":true,"href":"https:\/\/supercykelstier.dk\/english\/wp-json\/wp\/v2\/media\/4768"}],"wp:attachment":[{"href":"https:\/\/supercykelstier.dk\/english\/wp-json\/wp\/v2\/media?parent=5142"}],"wp:term":[{"taxonomy":"category","embeddable":true,"href":"https:\/\/supercykelstier.dk\/english\/wp-json\/wp\/v2\/categories?post=5142"},{"taxonomy":"post_tag","embeddable":true,"href":"https:\/\/supercykelstier.dk\/english\/wp-json\/wp\/v2\/tags?post=5142"}],"curies":[{"name":"wp","href":"https:\/\/api.w.org\/{rel}","templated":true}]}}