
{"id":5133,"date":"2020-08-28T13:23:00","date_gmt":"2020-08-28T11:23:00","guid":{"rendered":"https:\/\/supercykelstier.dk\/?post_type=pressemeddelelse&#038;p=5133"},"modified":"2022-02-01T13:37:28","modified_gmt":"2022-02-01T12:37:28","slug":"ny-supercykelsti-forbinder-farum-og-alleroed","status":"publish","type":"pressemeddelelse","link":"https:\/\/supercykelstier.dk\/english\/blog\/pressemeddelelse\/ny-supercykelsti-forbinder-farum-og-alleroed\/","title":{"rendered":"Ny supercykelsti forbinder Farum og Aller\u00f8d"},"content":{"rendered":"<p class=\"has-medium-font-size\"><em>En ny supercykelsti g\u00f8r det b\u00e5de nemmere og sikrere at cykle mellem Aller\u00f8d og Farum. Ruten, der forbinder kommunerne Aller\u00f8d og Fures\u00f8, bliver indviet 1. september, hvor de to kommuners borgmestre sammen klipper snoren ved en officiel \u00e5bning p\u00e5 bygr\u00e6nsen.<\/em><\/p>\n\n\n\n<p>Der er ikke kun fokus p\u00e5 supercykelstier i retningen ind og ud af K\u00f8benhavn. Kommunerne Fures\u00f8 og Aller\u00f8d lancerer nu i samarbejde med Supercykelstierne en ny str\u00e6kning, der g\u00e5r p\u00e5 tv\u00e6rs og forbinder de to kommuner. Den 1. september m\u00f8des borgmestrene p\u00e5 bygr\u00e6nsen og klipper snoren, hvorefter Farum-Aller\u00f8druten officielt er indviet.<br><\/p>\n\n\n\n<p>Udover at forbinde supercykelstien Aller\u00f8druten, som g\u00e5r langs Kongevejen, med supercykelstien<br>Farumruten, bliver ruten ogs\u00e5 et bindeled mellem Farum og Aller\u00f8d for omr\u00e5dets cyklister og<br>cykelpendlere. Den nye rute er 7,2 km lang.<\/p>\n\n\n\n<p>\u201dBedre cykelstier betyder flere cyklister. Nu kan man cykle godt og sikkert mellem Aller\u00f8d og Fures\u00f8 og har samtidig forbindelse til de andre supercykelstier i hovedstadsomr\u00e5det. Cykling er godt for sundheden, klimaet og tr\u00e6ngslen. Sammen med resten af Supercykelstisamarbejdet i Region Hovedstaden g\u00f8r vi en indsats for at \u00f8ge cykelpendlingen. Bedre sundhed giver f\u00e6rre sygedage, og det er b\u00e5de godt for den enkelte og arbejdspladsen. Flere cyklister vil desuden give bedre fremkommelighed for de, der er n\u00f8dt til at k\u00f8re i bil,\u201d siger Ole Bondo Christensen (A), borgmester i Fures\u00f8 Kommune.<br><\/p>\n\n\n\n<p>Karsten L\u00e4ngerich, borgmester i Aller\u00f8d Kommune, gl\u00e6der sig ligesom sin borgmesterkollega i<br>nabokommunen over forbedringen i infrastrukturen for dem, der f\u00e6rdes p\u00e5 cykel:<br><\/p>\n\n\n\n<p>\u201dI Aller\u00f8d er der mange, der pendler til nabokommunerne, og endnu flere der pendler ind og arbejder i kommunen. Med b\u00e5de Aller\u00f8druten &#8211; og nu Farumruten &#8211; bliver det endnu nemmere og endnu hurtigere at tage cyklen til arbejdet, studie eller en tur ud i det bl\u00e5. Det er godt for b\u00e5de milj\u00f8et, tr\u00e6ngslen, helbredet og ikke mindst den personlige velv\u00e6re. For man bliver da altid glad og frisk i hovedet efter en god cykeltur\u201d, siger Karsten L\u00e4ngerich (V), borgmester i Aller\u00f8d Kommune.<\/p>\n\n\n\n<p>Som en del af fejringen af den nye supercykelsti vil en r\u00e6kke medarbejdere og borgere i Aller\u00f8d og Fures\u00f8 Kommuner lade bilen st\u00e5 og togkortet ligge derhjemme og i stedet taget en elcykel til arbejde i september m\u00e5ned. For at m\u00e5le effekterne af en m\u00e5ned p\u00e5 elcykel gennemf\u00f8rer deltagerne en sundhedstest f\u00f8r og efter forl\u00f8bet.<br>Antallet af cyklister p\u00e5 Farumruten mellem K\u00f8benhavn og Farum er mellem 2012-18 steget med 68 pct.<\/p>\n\n\n\n<h3 class=\"wp-block-heading\" id=\"om-farum-allerodruten\"><strong>Om Farum-Aller\u00f8druten <\/strong><\/h3>\n\n\n\n<p>Der er anlagt ny cykelsti p\u00e5 str\u00e6kningen nord for Slangerupvej og p\u00e5 Nym\u00f8llevej. Eksisterende<br>cykelsti er blevet forbedret p\u00e5 flere str\u00e6kninger, sikkerheden er \u00f8get ved at etablere nyt trafiklys ved H\u00f8veltevej, og cyklisterne har f\u00e5et bedre fremkommelighed i trafiksignalerne. L\u00e6s mere om Farum-Aller\u00f8druten <a href=\"https:\/\/supercykelstier.dk\/rute\/farum-allerroedruten\/\" target=\"_blank\" rel=\"noreferrer noopener\">her. <\/a><\/p>\n\n\n\n<h3 class=\"wp-block-heading\" id=\"tid-og-sted-for-indvielsen\"><strong>Tid og sted for indvielsen<\/strong><\/h3>\n\n\n\n<p><strong>Kl. 16:00<\/strong> Borgmester Ole Bondo Christensen og andre byr\u00f8dder fra r\u00e5dhuset i Farum cykler til<br>kommunegr\u00e6nsen mod Aller\u00f8d.<br><\/p>\n\n\n\n<p><strong>Kl. 16:10<\/strong> Aller\u00f8ds borgmester Karsten L\u00e4ngerich og andre byr\u00f8dder cykler med f\u00f8lge fra r\u00e5dhuset<br>i Aller\u00f8d til kommunegr\u00e6nsen.<br><\/p>\n\n\n\n<p><strong>Kl. 16.30<\/strong> Velkomst v. Sekretariatsleder for Supercykelstierne Sidsel Birk Hjuler efterfulgt af at Ole<br>Bondo Christensen og Karsten L\u00e4ngerich klipper snoren.<\/p>\n\n\n\n<p><em>Mere information om pressekontakter mv. findes i nedenst\u00e5ende dokument<\/em>:<\/p>\n\n\n<div class=\"wp-block-columns is-not-stacked-on-mobile has-shadow document\">\n\t<div class=\"wp-block-column thumbnail\" style=\"padding-top:1rem;padding-right:1rem;padding-bottom:1rem;padding-left:1rem;flex-basis:180px;justify-content:center;\">\n\t\t\t\t\t\t<img loading=\"lazy\" decoding=\"async\" width=\"345\" height=\"488\" src=\"https:\/\/supercykelstier.dk\/english\/wp-content\/uploads\/sites\/3\/2020\/08\/PM-august-2020_Ny-supercykelsti-forbinder-Farum-og-Alleroed-pdf.jpg\" class=\"attachment-thumbnail_uncropped size-thumbnail_uncropped\" alt=\"\" \/>\t\t\t\t\t<div class=\"wp-container-61dd85b2203a1 wp-block-buttons\" style=\"text-align:center; margin:auto;\">\n\t\t\t\t\t\t<div class=\"wp-block-button\">\n\t\t\t\t\t<a href=\"https:\/\/supercykelstier.dk\/english\/download_single_pdf?id=5137\" class=\"wp-block-button__link\">Download<\/a>\n\t\t\t<\/div>\n\t\t\t\t\t<\/div>\n\t<\/div>\n\t<div class=\"wp-block-column\" style=\"padding-top:1rem;padding-right:1rem;padding-bottom:1rem;padding-left:1rem\">\n\t\t\t\t<p class=\"has-accent-color has-text-color has-tiny-font-size\">\n\t\t\t<strong>Pressemeddelelse<\/strong>\n\t\t<\/p>\n\t\t\t\t\t\t<h4>\n\t\t\t\t\t\t<a href=\"https:\/\/supercykelstier.dk\/english\/wp-content\/uploads\/sites\/3\/2020\/08\/PM-august-2020_Ny-supercykelsti-forbinder-Farum-og-Alleroed.pdf\" target=\"_blank\" rel=\"noopener\">\n\t\t\t\t<em>Ny supercykelsti forbinder Farum og Aller\u00f8d<\/em>\n\t\t\t<\/a>\n\t\t\t\t\t<\/h4>\n\t\t\t\t<p>Supercykelstisamarbejdet lancerer deres niende rute, som forbinder Farum og Aller\u00f8d. Den 7,2 km lange rute indvies 1. september.<\/p>\n\t<\/div>\n<\/div>","protected":false},"excerpt":{"rendered":"<p>En ny supercykelsti g\u00f8r det b\u00e5de nemmere og sikrere at cykle mellem Aller\u00f8d og Farum. Ruten, der forbinder kommunerne Aller\u00f8d og Fures\u00f8, bliver indviet 1. september, hvor de to kommuners borgmestre sammen klipper snoren ved en officiel \u00e5bning p\u00e5 bygr\u00e6nsen. Der er ikke kun fokus p\u00e5 supercykelstier i retningen ind og ud af K\u00f8benhavn. Kommunerne [&hellip;]<\/p>","protected":false},"featured_media":4779,"comment_status":"open","ping_status":"closed","template":"","meta":{"_acf_changed":false,"_relevanssi_hide_post":"","_relevanssi_hide_content":"","_relevanssi_pin_for_all":"","_relevanssi_pin_keywords":"","_relevanssi_unpin_keywords":"","_relevanssi_related_keywords":"","_relevanssi_related_include_ids":"","_relevanssi_related_exclude_ids":"","_relevanssi_related_no_append":"","_relevanssi_related_not_related":"","_relevanssi_related_posts":"","_relevanssi_noindex_reason":"","editor_notices":[],"footnotes":""},"categories":[204],"tags":[],"class_list":["post-5133","pressemeddelelse","type-pressemeddelelse","status-publish","has-post-thumbnail","hentry","category-press-release"],"acf":[],"yoast_head":"<!-- This site is optimized with the Yoast SEO plugin v27.3 - https:\/\/yoast.com\/product\/yoast-seo-wordpress\/ -->\n<title>Ny supercykelsti forbinder Farum og Aller\u00f8d - Cycle Superhighways<\/title>\n<meta name=\"robots\" content=\"index, follow, max-snippet:-1, max-image-preview:large, max-video-preview:-1\" \/>\n<link rel=\"canonical\" href=\"https:\/\/supercykelstier.dk\/english\/blog\/pressemeddelelse\/ny-supercykelsti-forbinder-farum-og-alleroed\/\" \/>\n<meta property=\"og:locale\" content=\"en_US\" \/>\n<meta property=\"og:type\" content=\"article\" \/>\n<meta property=\"og:title\" content=\"Ny supercykelsti forbinder Farum og Aller\u00f8d - Cycle Superhighways\" \/>\n<meta property=\"og:description\" content=\"En ny supercykelsti g\u00f8r det b\u00e5de nemmere og sikrere at cykle mellem Aller\u00f8d og Farum. Ruten, der forbinder kommunerne Aller\u00f8d og Fures\u00f8, bliver indviet 1. september, hvor de to kommuners borgmestre sammen klipper snoren ved en officiel \u00e5bning p\u00e5 bygr\u00e6nsen. Der er ikke kun fokus p\u00e5 supercykelstier i retningen ind og ud af K\u00f8benhavn. Kommunerne [&hellip;]\" \/>\n<meta property=\"og:url\" content=\"https:\/\/supercykelstier.dk\/english\/blog\/pressemeddelelse\/ny-supercykelsti-forbinder-farum-og-alleroed\/\" \/>\n<meta property=\"og:site_name\" content=\"Cycle Superhighways\" \/>\n<meta property=\"article:modified_time\" content=\"2022-02-01T12:37:28+00:00\" \/>\n<meta property=\"og:image\" content=\"https:\/\/supercykelstier.dk\/english\/wp-content\/uploads\/sites\/3\/2021\/12\/075A8714.jpg\" \/>\n\t<meta property=\"og:image:width\" content=\"1920\" \/>\n\t<meta property=\"og:image:height\" content=\"1281\" \/>\n\t<meta property=\"og:image:type\" content=\"image\/jpeg\" \/>\n<meta name=\"twitter:card\" content=\"summary_large_image\" \/>\n<meta name=\"twitter:label1\" content=\"Est. reading time\" \/>\n\t<meta name=\"twitter:data1\" content=\"3 minutes\" \/>\n<script type=\"application\/ld+json\" class=\"yoast-schema-graph\">{\"@context\":\"https:\\\/\\\/schema.org\",\"@graph\":[{\"@type\":\"WebPage\",\"@id\":\"https:\\\/\\\/supercykelstier.dk\\\/english\\\/blog\\\/pressemeddelelse\\\/ny-supercykelsti-forbinder-farum-og-alleroed\\\/\",\"url\":\"https:\\\/\\\/supercykelstier.dk\\\/english\\\/blog\\\/pressemeddelelse\\\/ny-supercykelsti-forbinder-farum-og-alleroed\\\/\",\"name\":\"Ny supercykelsti forbinder Farum og Aller\u00f8d - Cycle Superhighways\",\"isPartOf\":{\"@id\":\"https:\\\/\\\/supercykelstier.dk\\\/english\\\/#website\"},\"primaryImageOfPage\":{\"@id\":\"https:\\\/\\\/supercykelstier.dk\\\/english\\\/blog\\\/pressemeddelelse\\\/ny-supercykelsti-forbinder-farum-og-alleroed\\\/#primaryimage\"},\"image\":{\"@id\":\"https:\\\/\\\/supercykelstier.dk\\\/english\\\/blog\\\/pressemeddelelse\\\/ny-supercykelsti-forbinder-farum-og-alleroed\\\/#primaryimage\"},\"thumbnailUrl\":\"https:\\\/\\\/supercykelstier.dk\\\/english\\\/wp-content\\\/uploads\\\/sites\\\/3\\\/2021\\\/12\\\/075A8714.jpg\",\"datePublished\":\"2020-08-28T11:23:00+00:00\",\"dateModified\":\"2022-02-01T12:37:28+00:00\",\"breadcrumb\":{\"@id\":\"https:\\\/\\\/supercykelstier.dk\\\/english\\\/blog\\\/pressemeddelelse\\\/ny-supercykelsti-forbinder-farum-og-alleroed\\\/#breadcrumb\"},\"inLanguage\":\"en-US\",\"potentialAction\":[{\"@type\":\"ReadAction\",\"target\":[\"https:\\\/\\\/supercykelstier.dk\\\/english\\\/blog\\\/pressemeddelelse\\\/ny-supercykelsti-forbinder-farum-og-alleroed\\\/\"]}]},{\"@type\":\"ImageObject\",\"inLanguage\":\"en-US\",\"@id\":\"https:\\\/\\\/supercykelstier.dk\\\/english\\\/blog\\\/pressemeddelelse\\\/ny-supercykelsti-forbinder-farum-og-alleroed\\\/#primaryimage\",\"url\":\"https:\\\/\\\/supercykelstier.dk\\\/english\\\/wp-content\\\/uploads\\\/sites\\\/3\\\/2021\\\/12\\\/075A8714.jpg\",\"contentUrl\":\"https:\\\/\\\/supercykelstier.dk\\\/english\\\/wp-content\\\/uploads\\\/sites\\\/3\\\/2021\\\/12\\\/075A8714.jpg\",\"width\":7719,\"height\":5149,\"caption\":\"Farum-Aller\u00f8d\"},{\"@type\":\"BreadcrumbList\",\"@id\":\"https:\\\/\\\/supercykelstier.dk\\\/english\\\/blog\\\/pressemeddelelse\\\/ny-supercykelsti-forbinder-farum-og-alleroed\\\/#breadcrumb\",\"itemListElement\":[{\"@type\":\"ListItem\",\"position\":1,\"name\":\"Hjem\",\"item\":\"https:\\\/\\\/supercykelstier.dk\\\/english\\\/\"},{\"@type\":\"ListItem\",\"position\":2,\"name\":\"Pressemeddelelser\",\"item\":\"https:\\\/\\\/supercykelstier.dk\\\/english\\\/blog\\\/pressemeddelelse\\\/\"},{\"@type\":\"ListItem\",\"position\":3,\"name\":\"Ny supercykelsti forbinder Farum og Aller\u00f8d\"}]},{\"@type\":\"WebSite\",\"@id\":\"https:\\\/\\\/supercykelstier.dk\\\/english\\\/#website\",\"url\":\"https:\\\/\\\/supercykelstier.dk\\\/english\\\/\",\"name\":\"Cycle Superhighways\",\"description\":\"skaber bedre forhold for dig, der tager cyklen til arbejde\",\"publisher\":{\"@id\":\"https:\\\/\\\/supercykelstier.dk\\\/english\\\/#organization\"},\"potentialAction\":[{\"@type\":\"SearchAction\",\"target\":{\"@type\":\"EntryPoint\",\"urlTemplate\":\"https:\\\/\\\/supercykelstier.dk\\\/english\\\/?s={search_term_string}\"},\"query-input\":{\"@type\":\"PropertyValueSpecification\",\"valueRequired\":true,\"valueName\":\"search_term_string\"}}],\"inLanguage\":\"en-US\"},{\"@type\":\"Organization\",\"@id\":\"https:\\\/\\\/supercykelstier.dk\\\/english\\\/#organization\",\"name\":\"Cycle Superhighways\",\"url\":\"https:\\\/\\\/supercykelstier.dk\\\/english\\\/\",\"logo\":{\"@type\":\"ImageObject\",\"inLanguage\":\"en-US\",\"@id\":\"https:\\\/\\\/supercykelstier.dk\\\/english\\\/#\\\/schema\\\/logo\\\/image\\\/\",\"url\":\"https:\\\/\\\/supercykelstier.dk\\\/english\\\/wp-content\\\/uploads\\\/sites\\\/3\\\/2024\\\/07\\\/Engelsk-logo.png\",\"contentUrl\":\"https:\\\/\\\/supercykelstier.dk\\\/english\\\/wp-content\\\/uploads\\\/sites\\\/3\\\/2024\\\/07\\\/Engelsk-logo.png\",\"width\":531,\"height\":131,\"caption\":\"Cycle Superhighways\"},\"image\":{\"@id\":\"https:\\\/\\\/supercykelstier.dk\\\/english\\\/#\\\/schema\\\/logo\\\/image\\\/\"}}]}<\/script>\n<!-- \/ Yoast SEO plugin. -->","yoast_head_json":{"title":"Ny supercykelsti forbinder Farum og Aller\u00f8d - Cycle Superhighways","robots":{"index":"index","follow":"follow","max-snippet":"max-snippet:-1","max-image-preview":"max-image-preview:large","max-video-preview":"max-video-preview:-1"},"canonical":"https:\/\/supercykelstier.dk\/english\/blog\/pressemeddelelse\/ny-supercykelsti-forbinder-farum-og-alleroed\/","og_locale":"en_US","og_type":"article","og_title":"Ny supercykelsti forbinder Farum og Aller\u00f8d - Cycle Superhighways","og_description":"En ny supercykelsti g\u00f8r det b\u00e5de nemmere og sikrere at cykle mellem Aller\u00f8d og Farum. Ruten, der forbinder kommunerne Aller\u00f8d og Fures\u00f8, bliver indviet 1. september, hvor de to kommuners borgmestre sammen klipper snoren ved en officiel \u00e5bning p\u00e5 bygr\u00e6nsen. Der er ikke kun fokus p\u00e5 supercykelstier i retningen ind og ud af K\u00f8benhavn. Kommunerne [&hellip;]","og_url":"https:\/\/supercykelstier.dk\/english\/blog\/pressemeddelelse\/ny-supercykelsti-forbinder-farum-og-alleroed\/","og_site_name":"Cycle Superhighways","article_modified_time":"2022-02-01T12:37:28+00:00","og_image":[{"url":"https:\/\/supercykelstier.dk\/english\/wp-content\/uploads\/sites\/3\/2021\/12\/075A8714.jpg","width":1920,"height":1281,"type":"image\/jpeg"}],"twitter_card":"summary_large_image","twitter_misc":{"Est. reading time":"3 minutes"},"schema":{"@context":"https:\/\/schema.org","@graph":[{"@type":"WebPage","@id":"https:\/\/supercykelstier.dk\/english\/blog\/pressemeddelelse\/ny-supercykelsti-forbinder-farum-og-alleroed\/","url":"https:\/\/supercykelstier.dk\/english\/blog\/pressemeddelelse\/ny-supercykelsti-forbinder-farum-og-alleroed\/","name":"Ny supercykelsti forbinder Farum og Aller\u00f8d - Cycle Superhighways","isPartOf":{"@id":"https:\/\/supercykelstier.dk\/english\/#website"},"primaryImageOfPage":{"@id":"https:\/\/supercykelstier.dk\/english\/blog\/pressemeddelelse\/ny-supercykelsti-forbinder-farum-og-alleroed\/#primaryimage"},"image":{"@id":"https:\/\/supercykelstier.dk\/english\/blog\/pressemeddelelse\/ny-supercykelsti-forbinder-farum-og-alleroed\/#primaryimage"},"thumbnailUrl":"https:\/\/supercykelstier.dk\/english\/wp-content\/uploads\/sites\/3\/2021\/12\/075A8714.jpg","datePublished":"2020-08-28T11:23:00+00:00","dateModified":"2022-02-01T12:37:28+00:00","breadcrumb":{"@id":"https:\/\/supercykelstier.dk\/english\/blog\/pressemeddelelse\/ny-supercykelsti-forbinder-farum-og-alleroed\/#breadcrumb"},"inLanguage":"en-US","potentialAction":[{"@type":"ReadAction","target":["https:\/\/supercykelstier.dk\/english\/blog\/pressemeddelelse\/ny-supercykelsti-forbinder-farum-og-alleroed\/"]}]},{"@type":"ImageObject","inLanguage":"en-US","@id":"https:\/\/supercykelstier.dk\/english\/blog\/pressemeddelelse\/ny-supercykelsti-forbinder-farum-og-alleroed\/#primaryimage","url":"https:\/\/supercykelstier.dk\/english\/wp-content\/uploads\/sites\/3\/2021\/12\/075A8714.jpg","contentUrl":"https:\/\/supercykelstier.dk\/english\/wp-content\/uploads\/sites\/3\/2021\/12\/075A8714.jpg","width":7719,"height":5149,"caption":"Farum-Aller\u00f8d"},{"@type":"BreadcrumbList","@id":"https:\/\/supercykelstier.dk\/english\/blog\/pressemeddelelse\/ny-supercykelsti-forbinder-farum-og-alleroed\/#breadcrumb","itemListElement":[{"@type":"ListItem","position":1,"name":"Hjem","item":"https:\/\/supercykelstier.dk\/english\/"},{"@type":"ListItem","position":2,"name":"Pressemeddelelser","item":"https:\/\/supercykelstier.dk\/english\/blog\/pressemeddelelse\/"},{"@type":"ListItem","position":3,"name":"Ny supercykelsti forbinder Farum og Aller\u00f8d"}]},{"@type":"WebSite","@id":"https:\/\/supercykelstier.dk\/english\/#website","url":"https:\/\/supercykelstier.dk\/english\/","name":"Cycle Superhighways","description":"skaber bedre forhold for dig, der tager cyklen til arbejde","publisher":{"@id":"https:\/\/supercykelstier.dk\/english\/#organization"},"potentialAction":[{"@type":"SearchAction","target":{"@type":"EntryPoint","urlTemplate":"https:\/\/supercykelstier.dk\/english\/?s={search_term_string}"},"query-input":{"@type":"PropertyValueSpecification","valueRequired":true,"valueName":"search_term_string"}}],"inLanguage":"en-US"},{"@type":"Organization","@id":"https:\/\/supercykelstier.dk\/english\/#organization","name":"Cycle Superhighways","url":"https:\/\/supercykelstier.dk\/english\/","logo":{"@type":"ImageObject","inLanguage":"en-US","@id":"https:\/\/supercykelstier.dk\/english\/#\/schema\/logo\/image\/","url":"https:\/\/supercykelstier.dk\/english\/wp-content\/uploads\/sites\/3\/2024\/07\/Engelsk-logo.png","contentUrl":"https:\/\/supercykelstier.dk\/english\/wp-content\/uploads\/sites\/3\/2024\/07\/Engelsk-logo.png","width":531,"height":131,"caption":"Cycle Superhighways"},"image":{"@id":"https:\/\/supercykelstier.dk\/english\/#\/schema\/logo\/image\/"}}]}},"_links":{"self":[{"href":"https:\/\/supercykelstier.dk\/english\/wp-json\/wp\/v2\/pressemeddelelser\/5133","targetHints":{"allow":["GET"]}}],"collection":[{"href":"https:\/\/supercykelstier.dk\/english\/wp-json\/wp\/v2\/pressemeddelelser"}],"about":[{"href":"https:\/\/supercykelstier.dk\/english\/wp-json\/wp\/v2\/types\/pressemeddelelse"}],"replies":[{"embeddable":true,"href":"https:\/\/supercykelstier.dk\/english\/wp-json\/wp\/v2\/comments?post=5133"}],"version-history":[{"count":0,"href":"https:\/\/supercykelstier.dk\/english\/wp-json\/wp\/v2\/pressemeddelelser\/5133\/revisions"}],"wp:featuredmedia":[{"embeddable":true,"href":"https:\/\/supercykelstier.dk\/english\/wp-json\/wp\/v2\/media\/4779"}],"wp:attachment":[{"href":"https:\/\/supercykelstier.dk\/english\/wp-json\/wp\/v2\/media?parent=5133"}],"wp:term":[{"taxonomy":"category","embeddable":true,"href":"https:\/\/supercykelstier.dk\/english\/wp-json\/wp\/v2\/categories?post=5133"},{"taxonomy":"post_tag","embeddable":true,"href":"https:\/\/supercykelstier.dk\/english\/wp-json\/wp\/v2\/tags?post=5133"}],"curies":[{"name":"wp","href":"https:\/\/api.w.org\/{rel}","templated":true}]}}